{"id":10608,"date":"2024-10-30T13:47:00","date_gmt":"2024-10-30T17:47:00","guid":{"rendered":"https:\/\/www.radioguantanamo.icrt.cu\/english\/?p=10608"},"modified":"2024-10-30T13:57:51","modified_gmt":"2024-10-30T17:57:51","slug":"diaz-canel-in-guantanamo-cuban-president-checks-recovery-in-affected-municipalities","status":"publish","type":"post","link":"https:\/\/www.radioguantanamo.icrt.cu\/english\/diaz-canel-in-guantanamo-cuban-president-checks-recovery-in-affected-municipalities\/","title":{"rendered":"D\u00edaz-Canel in Guant\u00e1namo: Cuban president checks recovery in affected municipalities"},"content":{"rendered":"<p><img loading=\"lazy\" decoding=\"async\" class=\"aligncenter size-full wp-image-10609\" src=\"https:\/\/www.radioguantanamo.icrt.cu\/english\/wp-content\/uploads\/2024\/10\/DIAZ-CANEL-EN-IMIAS-3.webp\" alt=\"\" width=\"679\" height=\"383\" srcset=\"https:\/\/www.radioguantanamo.icrt.cu\/english\/wp-content\/uploads\/2024\/10\/DIAZ-CANEL-EN-IMIAS-3.webp 679w, https:\/\/www.radioguantanamo.icrt.cu\/english\/wp-content\/uploads\/2024\/10\/DIAZ-CANEL-EN-IMIAS-3-300x169.webp 300w\" sizes=\"auto, (max-width: 679px) 100vw, 679px\" \/>Guant\u00e1namo.\u2013 To check in person the progress of the recovery process in the eastern municipalities of the Guantanamo Province, the President of the Defense Council in Cuba, Miguel Mario D\u00edaz-Canel Berm\u00fadez, president of this nation, arrives in the early hours of the day.<\/p>\n<p>The head of state is accompanied by several ministers, including from the FAR, Army Corps General, \u00c1lvaro L\u00f3pez Miera, who make up the work team that, led by him, will make, if necessary, decisions that will speed up the process much more.<\/p>\n<p>The tour began in the Im\u00edas Municipality, one of the most affected by the hurricane. The president spoke with the population about the work being done on the roads, electricity, and support with all kinds of resources.<\/p>\n<p>He visited the Ciro Fr\u00eda Cabrera Polyclinic, which serves a population of more than 21 thousand inhabitants. Doctors, nurses and all the workers of the institution are returning vitality to this place, where the water and mud reached a height of two metres<\/p>\n<p>In his X account the Cuban president wrote: <em><span class=\"HwtZe\" lang=\"en\"><span class=\"jCAhz ChMk0b\"><span class=\"ryNqvb\">#Cuba is fighting in two trenches.<\/span><\/span> <span class=\"jCAhz ChMk0b\"><span class=\"ryNqvb\">One is open here, on the battered southern and northern coasts of Guantanamo, where people are <\/span><\/span><\/span><\/em>fighting <em><span class=\"HwtZe\" lang=\"en\"><span class=\"jCAhz ChMk0b\"><span class=\"ryNqvb\">to reverse the damage caused by Oscar.<\/span><\/span> <span class=\"jCAhz ChMk0b\"><span class=\"ryNqvb\">The other is at the UN, where the blockade that has made recovery and life itself more difficult for 6 decades is being condemned.<\/span><\/span><\/span><\/em><\/p>\n<blockquote class=\"twitter-tweet\">\n<p dir=\"ltr\" lang=\"es\">En dos trincheras combate <a href=\"https:\/\/twitter.com\/hashtag\/Cuba?src=hash&amp;ref_src=twsrc%5Etfw\">#Cuba<\/a>. Una est\u00e1 abierta aqu\u00ed, en las golpeadas costas sur y norte de Guant\u00e1namo, donde se lucha por revertir da\u00f1os de Oscar. La otra en ONU, donde se condena el bloqueo que hace m\u00e1s dif\u00edcil la recuperaci\u00f3n y la vida misma por 6 d\u00e9cadas.<a href=\"https:\/\/twitter.com\/hashtag\/TumbaElBloqueo?src=hash&amp;ref_src=twsrc%5Etfw\">#TumbaElBloqueo<\/a> <a href=\"https:\/\/t.co\/rmE0hI38hw\">pic.twitter.com\/rmE0hI38hw<\/a><\/p>\n<p>\u2014 Miguel D\u00edaz-Canel Berm\u00fadez (@DiazCanelB) <a href=\"https:\/\/twitter.com\/DiazCanelB\/status\/1851646890355363861?ref_src=twsrc%5Etfw\">October 30, 2024<\/a><\/p><\/blockquote>\n<p><script async src=\"https:\/\/platform.twitter.com\/widgets.js\" charset=\"utf-8\"><\/script><\/p>\n<p>Source: Solvision<\/p>\n","protected":false},"excerpt":{"rendered":"<p>Guant\u00e1namo.\u2013 To check in person the progress of the recovery process in the eastern municipalities of the Guantanamo Province, the President of the Defense Council in Cuba, Miguel Mario D\u00edaz-Canel Berm\u00fadez, president of this nation, arrives in the early hours of the day. The head of state is accompanied by several ministers, including from the [&hellip;]<\/p>\n","protected":false},"author":1,"featured_media":10609,"comment_status":"open","ping_status":"open","sticky":false,"template":"","format":"standard","meta":{"footnotes":""},"categories":[13,7],"tags":[],"class_list":["post-10608","post","type-post","status-publish","format-standard","has-post-thumbnail","hentry","category-guantanamo","category-news"],"_links":{"self":[{"href":"https:\/\/www.radioguantanamo.icrt.cu\/english\/wp-json\/wp\/v2\/posts\/10608","targetHints":{"allow":["GET"]}}],"collection":[{"href":"https:\/\/www.radioguantanamo.icrt.cu\/english\/wp-json\/wp\/v2\/posts"}],"about":[{"href":"https:\/\/www.radioguantanamo.icrt.cu\/english\/wp-json\/wp\/v2\/types\/post"}],"author":[{"embeddable":true,"href":"https:\/\/www.radioguantanamo.icrt.cu\/english\/wp-json\/wp\/v2\/users\/1"}],"replies":[{"embeddable":true,"href":"https:\/\/www.radioguantanamo.icrt.cu\/english\/wp-json\/wp\/v2\/comments?post=10608"}],"version-history":[{"count":5,"href":"https:\/\/www.radioguantanamo.icrt.cu\/english\/wp-json\/wp\/v2\/posts\/10608\/revisions"}],"predecessor-version":[{"id":10614,"href":"https:\/\/www.radioguantanamo.icrt.cu\/english\/wp-json\/wp\/v2\/posts\/10608\/revisions\/10614"}],"wp:featuredmedia":[{"embeddable":true,"href":"https:\/\/www.radioguantanamo.icrt.cu\/english\/wp-json\/wp\/v2\/media\/10609"}],"wp:attachment":[{"href":"https:\/\/www.radioguantanamo.icrt.cu\/english\/wp-json\/wp\/v2\/media?parent=10608"}],"wp:term":[{"taxonomy":"category","embeddable":true,"href":"https:\/\/www.radioguantanamo.icrt.cu\/english\/wp-json\/wp\/v2\/categories?post=10608"},{"taxonomy":"post_tag","embeddable":true,"href":"https:\/\/www.radioguantanamo.icrt.cu\/english\/wp-json\/wp\/v2\/tags?post=10608"}],"curies":[{"name":"wp","href":"https:\/\/api.w.org\/{rel}","templated":true}]}}