{"id":14224,"date":"2025-10-11T18:20:05","date_gmt":"2025-10-11T22:20:05","guid":{"rendered":"https:\/\/www.radioguantanamo.icrt.cu\/english\/?p=14224"},"modified":"2025-10-11T18:20:05","modified_gmt":"2025-10-11T22:20:05","slug":"concert-of-the-sultasto-guitar-quartet-from-las-tunas-for-maestro-conrado","status":"publish","type":"post","link":"https:\/\/www.radioguantanamo.icrt.cu\/english\/concert-of-the-sultasto-guitar-quartet-from-las-tunas-for-maestro-conrado\/","title":{"rendered":"Concert of the Sultasto Guitar Quartet from Las Tunas for Maestro Conrado"},"content":{"rendered":"<p><img loading=\"lazy\" decoding=\"async\" class=\"aligncenter size-full wp-image-14225\" src=\"https:\/\/www.radioguantanamo.icrt.cu\/english\/wp-content\/uploads\/2025\/10\/1760220956033.jpg\" alt=\"\" width=\"1080\" height=\"744\" srcset=\"https:\/\/www.radioguantanamo.icrt.cu\/english\/wp-content\/uploads\/2025\/10\/1760220956033.jpg 1080w, https:\/\/www.radioguantanamo.icrt.cu\/english\/wp-content\/uploads\/2025\/10\/1760220956033-300x207.jpg 300w, https:\/\/www.radioguantanamo.icrt.cu\/english\/wp-content\/uploads\/2025\/10\/1760220956033-1024x705.jpg 1024w, https:\/\/www.radioguantanamo.icrt.cu\/english\/wp-content\/uploads\/2025\/10\/1760220956033-768x529.jpg 768w\" sizes=\"auto, (max-width: 1080px) 100vw, 1080px\" \/>Guantanamo.- The Antonia Luisa Cabal Salis Concert Hall hosted the performance of the &#8220;Sultasto&#8221; Guitar Quartet from the province of Las Tunas, directed by maestra Elvira Skourtis, invited to take part of the program of the Lil\u00ed Mart\u00ednez Gri\u00f1\u00e1n Provincial Music Center in Guant\u00e1namo during the 2025 Cuban Culture Day.<\/p>\n<p>The concert by this virtuoso ensemble, a benchmark in chamber music in the country, also served as a special tribute to Guantanamo maestro Conrado Monier on his 70th birthday. This cultural figure to whom the Provincial Music Center is dedicating the 2025 event to celebrate his creative influence as a saxophonist, teacher, arranger, and producer.<\/p>\n<p>Students of the The Antonia Luisa Cabal Salis Professional Music School attended the event, which was distinguished by the memorable performance of a highly Cuban repertoire by the talented instrumentalists of the Sultasto Quartet, including a selection of compositions by Beatriz Corona, Jos\u00e9 Mar\u00eda Vitier, and Leo Brouwer.<\/p>\n<p><img loading=\"lazy\" decoding=\"async\" class=\"aligncenter size-full wp-image-14226\" src=\"https:\/\/www.radioguantanamo.icrt.cu\/english\/wp-content\/uploads\/2025\/10\/1760220929622.jpg\" alt=\"\" width=\"926\" height=\"761\" srcset=\"https:\/\/www.radioguantanamo.icrt.cu\/english\/wp-content\/uploads\/2025\/10\/1760220929622.jpg 926w, https:\/\/www.radioguantanamo.icrt.cu\/english\/wp-content\/uploads\/2025\/10\/1760220929622-300x247.jpg 300w, https:\/\/www.radioguantanamo.icrt.cu\/english\/wp-content\/uploads\/2025\/10\/1760220929622-768x631.jpg 768w\" sizes=\"auto, (max-width: 926px) 100vw, 926px\" \/> <img loading=\"lazy\" decoding=\"async\" class=\"aligncenter size-full wp-image-14227\" src=\"https:\/\/www.radioguantanamo.icrt.cu\/english\/wp-content\/uploads\/2025\/10\/1760220937681.jpg\" alt=\"\" width=\"768\" height=\"729\" srcset=\"https:\/\/www.radioguantanamo.icrt.cu\/english\/wp-content\/uploads\/2025\/10\/1760220937681.jpg 768w, https:\/\/www.radioguantanamo.icrt.cu\/english\/wp-content\/uploads\/2025\/10\/1760220937681-300x285.jpg 300w\" sizes=\"auto, (max-width: 768px) 100vw, 768px\" \/><\/p>\n<p>The concert ended with the performance of the Las Tunas quartet &#8220;Sultasto&#8221; together with the Guant\u00e1namo Guitar Orchestra, a moment of convergence led by maestra Elvira Skourtis, which characterized the opening day of the Cuban Culture Day in Guant\u00e1namo.<\/p>\n","protected":false},"excerpt":{"rendered":"<p>Guantanamo.- The Antonia Luisa Cabal Salis Concert Hall hosted the performance of the &#8220;Sultasto&#8221; Guitar Quartet from the province of Las Tunas, directed by maestra Elvira Skourtis, invited to take part of the program of the Lil\u00ed Mart\u00ednez Gri\u00f1\u00e1n Provincial Music Center in Guant\u00e1namo during the 2025 Cuban Culture Day. The concert by this virtuoso [&hellip;]<\/p>\n","protected":false},"author":1,"featured_media":14226,"comment_status":"open","ping_status":"open","sticky":false,"template":"","format":"standard","meta":{"footnotes":""},"categories":[13],"tags":[],"class_list":["post-14224","post","type-post","status-publish","format-standard","has-post-thumbnail","hentry","category-guantanamo"],"_links":{"self":[{"href":"https:\/\/www.radioguantanamo.icrt.cu\/english\/wp-json\/wp\/v2\/posts\/14224","targetHints":{"allow":["GET"]}}],"collection":[{"href":"https:\/\/www.radioguantanamo.icrt.cu\/english\/wp-json\/wp\/v2\/posts"}],"about":[{"href":"https:\/\/www.radioguantanamo.icrt.cu\/english\/wp-json\/wp\/v2\/types\/post"}],"author":[{"embeddable":true,"href":"https:\/\/www.radioguantanamo.icrt.cu\/english\/wp-json\/wp\/v2\/users\/1"}],"replies":[{"embeddable":true,"href":"https:\/\/www.radioguantanamo.icrt.cu\/english\/wp-json\/wp\/v2\/comments?post=14224"}],"version-history":[{"count":1,"href":"https:\/\/www.radioguantanamo.icrt.cu\/english\/wp-json\/wp\/v2\/posts\/14224\/revisions"}],"predecessor-version":[{"id":14228,"href":"https:\/\/www.radioguantanamo.icrt.cu\/english\/wp-json\/wp\/v2\/posts\/14224\/revisions\/14228"}],"wp:featuredmedia":[{"embeddable":true,"href":"https:\/\/www.radioguantanamo.icrt.cu\/english\/wp-json\/wp\/v2\/media\/14226"}],"wp:attachment":[{"href":"https:\/\/www.radioguantanamo.icrt.cu\/english\/wp-json\/wp\/v2\/media?parent=14224"}],"wp:term":[{"taxonomy":"category","embeddable":true,"href":"https:\/\/www.radioguantanamo.icrt.cu\/english\/wp-json\/wp\/v2\/categories?post=14224"},{"taxonomy":"post_tag","embeddable":true,"href":"https:\/\/www.radioguantanamo.icrt.cu\/english\/wp-json\/wp\/v2\/tags?post=14224"}],"curies":[{"name":"wp","href":"https:\/\/api.w.org\/{rel}","templated":true}]}}