{"id":14881,"date":"2026-01-13T13:07:23","date_gmt":"2026-01-13T18:07:23","guid":{"rendered":"https:\/\/www.radioguantanamo.icrt.cu\/english\/?p=14881"},"modified":"2026-01-13T13:42:49","modified_gmt":"2026-01-13T18:42:49","slug":"avanza-implementacion-del-plan-tarea-vida-en-guantanamo","status":"publish","type":"post","link":"https:\/\/www.radioguantanamo.icrt.cu\/english\/avanza-implementacion-del-plan-tarea-vida-en-guantanamo\/","title":{"rendered":"Implementation of the Life Task Plan in Guant\u00e1namo (+Photos)"},"content":{"rendered":"<figure id=\"attachment_14882\" aria-describedby=\"caption-attachment-14882\" style=\"width: 524px\" class=\"wp-caption aligncenter\"><img loading=\"lazy\" decoding=\"async\" class=\"wp-image-14882 size-full\" src=\"https:\/\/www.radioguantanamo.icrt.cu\/english\/wp-content\/uploads\/2026\/01\/el-paso-de-los-alemanes.jpg\" alt=\"\" width=\"524\" height=\"480\" srcset=\"https:\/\/www.radioguantanamo.icrt.cu\/english\/wp-content\/uploads\/2026\/01\/el-paso-de-los-alemanes.jpg 524w, https:\/\/www.radioguantanamo.icrt.cu\/english\/wp-content\/uploads\/2026\/01\/el-paso-de-los-alemanes-300x275.jpg 300w\" sizes=\"auto, (max-width: 524px) 100vw, 524px\" \/><figcaption id=\"caption-attachment-14882\" class=\"wp-caption-text\">El Paso de los Alemanes contin\u00faa siendo la \u00fanica v\u00eda por carretera que une a la urbe baracoense con Mais\u00ed y se distingue entre los destinos tur\u00edsticos del Caribe.<\/figcaption><\/figure>\n<p>Guant\u00e1namo. &#8211; <span class=\"HwtZe\" lang=\"en\"><span class=\"jCAhz ChMk0b\"><span class=\"ryNqvb\">With positive results in the management of the province&#8217;s 12 protected areas, progress in the State Plan for Addressing Climate Change (Tarea Vida), and other achievements, environmentalists in Guant\u00e1namo are committed to the proper management and control of natural resource use and ecosystems.<\/span><\/span><\/span><\/p>\n<p><span class=\"HwtZe\" lang=\"en\"><span class=\"jCAhz ChMk0b\"><span class=\"ryNqvb\"> In this regard, they highlight the inclusion in the protected areas system of the &#8220;Pico Gal\u00e1n Managed Floristic Reserve,&#8221; located in the municipality of Yateras, the &#8220;Paso de los Alemanes&#8221; Natural Landmarks in Baracoa, as well as &#8220;Mais\u00ed Caleta&#8221; and &#8220;Mais\u00ed Yumur\u00ed,&#8221; in that easternmost region of the country.<\/span><\/span><\/span><\/p>\n<p><img loading=\"lazy\" decoding=\"async\" class=\"aligncenter size-full wp-image-14883\" src=\"https:\/\/www.radioguantanamo.icrt.cu\/english\/wp-content\/uploads\/2026\/01\/area_protegida_punta_de_caleta_maisi-580x324-1.jpg\" alt=\"\" width=\"580\" height=\"324\" srcset=\"https:\/\/www.radioguantanamo.icrt.cu\/english\/wp-content\/uploads\/2026\/01\/area_protegida_punta_de_caleta_maisi-580x324-1.jpg 580w, https:\/\/www.radioguantanamo.icrt.cu\/english\/wp-content\/uploads\/2026\/01\/area_protegida_punta_de_caleta_maisi-580x324-1-300x168.jpg 300w\" sizes=\"auto, (max-width: 580px) 100vw, 580px\" \/><\/p>\n<p><span class=\"HwtZe\" lang=\"en\"><span class=\"jCAhz ChMk0b\"><span class=\"ryNqvb\">These priority areas have updated management plans for biodiversity conservation and are also working on the appropriate harvesting of eels and tet\u00ed fish, both of which are in high demand on the international market, according to Lisandra Rubio Rodiles, Deputy Delegate of the Environment Ministry in the province.<\/span><\/span><\/span><\/p>\n<p><img loading=\"lazy\" decoding=\"async\" class=\" wp-image-14885\" src=\"https:\/\/www.radioguantanamo.icrt.cu\/english\/wp-content\/uploads\/2026\/01\/1_pico_galan.jpg\" alt=\"\" width=\"634\" height=\"475\" srcset=\"https:\/\/www.radioguantanamo.icrt.cu\/english\/wp-content\/uploads\/2026\/01\/1_pico_galan.jpg 800w, https:\/\/www.radioguantanamo.icrt.cu\/english\/wp-content\/uploads\/2026\/01\/1_pico_galan-300x225.jpg 300w, https:\/\/www.radioguantanamo.icrt.cu\/english\/wp-content\/uploads\/2026\/01\/1_pico_galan-768x576.jpg 768w\" sizes=\"auto, (max-width: 634px) 100vw, 634px\" \/><\/p>\n<p><span class=\"HwtZe\" lang=\"en\"><span class=\"jCAhz ChMk0b\"><span class=\"ryNqvb\">The National System of Protected Areas Plan 2023-2030 is the tool that guides work projections related to protected areas and contributes to the implementation of Cuban environmental policy on this issue.<\/span><\/span> <span class=\"jCAhz ChMk0b\"><span class=\"ryNqvb\">It also contributes to achieving the Sustainable Development Goals, impacting 13 of the 17 targets, as well as other commitments made under Multilateral Environmental Agreements related to biodiversity.<\/span><\/span><\/span><\/p>\n","protected":false},"excerpt":{"rendered":"<p>Guant\u00e1namo. &#8211; With positive results in the management of the province&#8217;s 12 protected areas, progress in the State Plan for Addressing Climate Change (Tarea Vida), and other achievements, environmentalists in Guant\u00e1namo are committed to the proper management and control of natural resource use and ecosystems. In this regard, they highlight the inclusion in the protected [&hellip;]<\/p>\n","protected":false},"author":1,"featured_media":14883,"comment_status":"open","ping_status":"open","sticky":false,"template":"","format":"standard","meta":{"footnotes":""},"categories":[13],"tags":[196,2195,195],"class_list":["post-14881","post","type-post","status-publish","format-standard","has-post-thumbnail","hentry","category-guantanamo","tag-cambio-climatico","tag-plan-del-sistema-nacional-de-areas-protegidas-2023-2030","tag-tarea-vida"],"_links":{"self":[{"href":"https:\/\/www.radioguantanamo.icrt.cu\/english\/wp-json\/wp\/v2\/posts\/14881","targetHints":{"allow":["GET"]}}],"collection":[{"href":"https:\/\/www.radioguantanamo.icrt.cu\/english\/wp-json\/wp\/v2\/posts"}],"about":[{"href":"https:\/\/www.radioguantanamo.icrt.cu\/english\/wp-json\/wp\/v2\/types\/post"}],"author":[{"embeddable":true,"href":"https:\/\/www.radioguantanamo.icrt.cu\/english\/wp-json\/wp\/v2\/users\/1"}],"replies":[{"embeddable":true,"href":"https:\/\/www.radioguantanamo.icrt.cu\/english\/wp-json\/wp\/v2\/comments?post=14881"}],"version-history":[{"count":6,"href":"https:\/\/www.radioguantanamo.icrt.cu\/english\/wp-json\/wp\/v2\/posts\/14881\/revisions"}],"predecessor-version":[{"id":14890,"href":"https:\/\/www.radioguantanamo.icrt.cu\/english\/wp-json\/wp\/v2\/posts\/14881\/revisions\/14890"}],"wp:featuredmedia":[{"embeddable":true,"href":"https:\/\/www.radioguantanamo.icrt.cu\/english\/wp-json\/wp\/v2\/media\/14883"}],"wp:attachment":[{"href":"https:\/\/www.radioguantanamo.icrt.cu\/english\/wp-json\/wp\/v2\/media?parent=14881"}],"wp:term":[{"taxonomy":"category","embeddable":true,"href":"https:\/\/www.radioguantanamo.icrt.cu\/english\/wp-json\/wp\/v2\/categories?post=14881"},{"taxonomy":"post_tag","embeddable":true,"href":"https:\/\/www.radioguantanamo.icrt.cu\/english\/wp-json\/wp\/v2\/tags?post=14881"}],"curies":[{"name":"wp","href":"https:\/\/api.w.org\/{rel}","templated":true}]}}