{"id":15452,"date":"2026-03-11T13:00:44","date_gmt":"2026-03-11T17:00:44","guid":{"rendered":"https:\/\/www.radioguantanamo.icrt.cu\/english\/?p=15452"},"modified":"2026-03-11T13:59:17","modified_gmt":"2026-03-11T17:59:17","slug":"caciques-wins-vitilla-falls","status":"publish","type":"post","link":"https:\/\/www.radioguantanamo.icrt.cu\/english\/caciques-wins-vitilla-falls\/","title":{"rendered":"Caciques Wins, Vitilla Falls"},"content":{"rendered":"<p><img loading=\"lazy\" decoding=\"async\" class=\"aligncenter size-full wp-image-15453\" src=\"https:\/\/www.radioguantanamo.icrt.cu\/english\/wp-content\/uploads\/2026\/03\/Softbol_10.jpg\" alt=\"\" width=\"669\" height=\"373\" srcset=\"https:\/\/www.radioguantanamo.icrt.cu\/english\/wp-content\/uploads\/2026\/03\/Softbol_10.jpg 669w, https:\/\/www.radioguantanamo.icrt.cu\/english\/wp-content\/uploads\/2026\/03\/Softbol_10-300x167.jpg 300w\" sizes=\"auto, (max-width: 669px) 100vw, 669px\" \/>Guantanamo.- Afer the victory of Caciques team (formerly Sepsa) over Vitilla are the most striking aspects of the veterans&#8217; softball tournament held in memory of former player Esmeraldo Fiss and in celebration of May Day, International Workers&#8217; Day.<\/p>\n<p>The Caciques, after two initial losses, won their last three games and now share third place, tied with Vitilla, a team that, conversely, after three consecutive victories and two defeats, one of them against the team they are currently tied with.<\/p>\n<p>In the game that concluded the first of two rounds, Caciques defeated Combinado Av\u00edcola Nacional (CAN) by a 16-3 knockout, with Jorge Luis Merencio earning the win, his third without a loss, and Jorge G\u00f3mez lost.<\/p>\n<p>In the midweek game, Jamaiquinos soundly defeated C\u00e1rnico 19-6. Jos\u00e9 Ram\u00f3n Maure earned the win, while left-hander Ra\u00fal Laffita took the loss.<\/p>\n<p>Etecsa, meanwhile, closed out the day with a 13-7 victory over Vitilla. Abel Jones was the winner, while David Bignote suffered the defeat.<\/p>\n<p>Etecsa leads the standings with a 4-1 record, followed by Jamaiquinos (3-1, with one game suspended against CAN, who are winning easily). Caciques and Vitilla are next (both 3-2), CAN is 1-3, and C\u00e1rnico is 0-5.<\/p>\n","protected":false},"excerpt":{"rendered":"<p>Guantanamo.- Afer the victory of Caciques team (formerly Sepsa) over Vitilla are the most striking aspects of the veterans&#8217; softball tournament held in memory of former player Esmeraldo Fiss and in celebration of May Day, International Workers&#8217; Day. The Caciques, after two initial losses, won their last three games and now share third place, tied [&hellip;]<\/p>\n","protected":false},"author":1,"featured_media":15453,"comment_status":"open","ping_status":"open","sticky":false,"template":"","format":"standard","meta":{"footnotes":""},"categories":[13,8],"tags":[],"class_list":["post-15452","post","type-post","status-publish","format-standard","has-post-thumbnail","hentry","category-guantanamo","category-sports"],"_links":{"self":[{"href":"https:\/\/www.radioguantanamo.icrt.cu\/english\/wp-json\/wp\/v2\/posts\/15452","targetHints":{"allow":["GET"]}}],"collection":[{"href":"https:\/\/www.radioguantanamo.icrt.cu\/english\/wp-json\/wp\/v2\/posts"}],"about":[{"href":"https:\/\/www.radioguantanamo.icrt.cu\/english\/wp-json\/wp\/v2\/types\/post"}],"author":[{"embeddable":true,"href":"https:\/\/www.radioguantanamo.icrt.cu\/english\/wp-json\/wp\/v2\/users\/1"}],"replies":[{"embeddable":true,"href":"https:\/\/www.radioguantanamo.icrt.cu\/english\/wp-json\/wp\/v2\/comments?post=15452"}],"version-history":[{"count":1,"href":"https:\/\/www.radioguantanamo.icrt.cu\/english\/wp-json\/wp\/v2\/posts\/15452\/revisions"}],"predecessor-version":[{"id":15454,"href":"https:\/\/www.radioguantanamo.icrt.cu\/english\/wp-json\/wp\/v2\/posts\/15452\/revisions\/15454"}],"wp:featuredmedia":[{"embeddable":true,"href":"https:\/\/www.radioguantanamo.icrt.cu\/english\/wp-json\/wp\/v2\/media\/15453"}],"wp:attachment":[{"href":"https:\/\/www.radioguantanamo.icrt.cu\/english\/wp-json\/wp\/v2\/media?parent=15452"}],"wp:term":[{"taxonomy":"category","embeddable":true,"href":"https:\/\/www.radioguantanamo.icrt.cu\/english\/wp-json\/wp\/v2\/categories?post=15452"},{"taxonomy":"post_tag","embeddable":true,"href":"https:\/\/www.radioguantanamo.icrt.cu\/english\/wp-json\/wp\/v2\/tags?post=15452"}],"curies":[{"name":"wp","href":"https:\/\/api.w.org\/{rel}","templated":true}]}}