{"id":16658,"date":"2026-06-27T09:26:05","date_gmt":"2026-06-27T13:26:05","guid":{"rendered":"https:\/\/www.radioguantanamo.icrt.cu\/english\/?p=16658"},"modified":"2026-06-27T09:26:05","modified_gmt":"2026-06-27T13:26:05","slug":"guantanamo-prepares-summer-program-accordingly-economic-times","status":"publish","type":"post","link":"https:\/\/www.radioguantanamo.icrt.cu\/english\/guantanamo-prepares-summer-program-accordingly-economic-times\/","title":{"rendered":"Guant\u00e1namo Prepares Summer Program accordingly Economic Times"},"content":{"rendered":"<p><img loading=\"lazy\" decoding=\"async\" class=\"aligncenter wp-image-16659 size-full\" src=\"https:\/\/www.radioguantanamo.icrt.cu\/english\/wp-content\/uploads\/2026\/06\/720248881_1642460720153412_389110253419168578_n.jpg\" alt=\"\" width=\"716\" height=\"540\" srcset=\"https:\/\/www.radioguantanamo.icrt.cu\/english\/wp-content\/uploads\/2026\/06\/720248881_1642460720153412_389110253419168578_n.jpg 716w, https:\/\/www.radioguantanamo.icrt.cu\/english\/wp-content\/uploads\/2026\/06\/720248881_1642460720153412_389110253419168578_n-300x226.jpg 300w\" sizes=\"auto, (max-width: 716px) 100vw, 716px\" \/>Guantanamo.- Guant\u00e1namo&#8217;s cultural institutions are gearing up to launch their 2026 summer program, thoughtfully designed to mirror the country&#8217;s current economic realities.<\/p>\n<p>This year&#8217;s season holds special significance, as it commemorates three major milestones: the centennial of Commander-in-Chief Fidel Castro&#8217;s birth, the 40th anniversary of the Hermanos Sa\u00edz Association (AHS), and the 65th anniversary of the Union of Writers and Artists of Cuba (UNEAC).<\/p>\n<p>The festivities will officially commence on June 27 in Baracoa, the municipality chosen to host the provincial opening event. Other provinces will follow suit with their inaugural celebrations on June 28.<\/p>\n<p>A highlight of the program will be the July 26 celebrations, with the municipal capital of Mais\u00ed honored as the provincial host this year.<\/p>\n<p>Among the standout events is the Chang\u00fcinazo Festival, set to take place from June 26 to 28.<\/p>\n<p>This festival serves as a vibrant homage to the traditional Chang\u00fc\u00ed Festival, which unfortunately cannot be held this year due to the country&#8217;s financial constraints.<\/p>\n<p>The Chang\u00fcinazo Festival promises to keep alive the spirit and cultural richness of Chang\u00fc\u00ed music and heritage, offering residents and visitors a meaningful and festive experience despite the challenging economic climate.<\/p>\n","protected":false},"excerpt":{"rendered":"<p>Guantanamo.- Guant\u00e1namo&#8217;s cultural institutions are gearing up to launch their 2026 summer program, thoughtfully designed to mirror the country&#8217;s current economic realities. This year&#8217;s season holds special significance, as it commemorates three major milestones: the centennial of Commander-in-Chief Fidel Castro&#8217;s birth, the 40th anniversary of the Hermanos Sa\u00edz Association (AHS), and the 65th anniversary of [&hellip;]<\/p>\n","protected":false},"author":1,"featured_media":16659,"comment_status":"open","ping_status":"open","sticky":false,"template":"","format":"standard","meta":{"footnotes":""},"categories":[35,13],"tags":[],"class_list":["post-16658","post","type-post","status-publish","format-standard","has-post-thumbnail","hentry","category-culture","category-guantanamo"],"_links":{"self":[{"href":"https:\/\/www.radioguantanamo.icrt.cu\/english\/wp-json\/wp\/v2\/posts\/16658","targetHints":{"allow":["GET"]}}],"collection":[{"href":"https:\/\/www.radioguantanamo.icrt.cu\/english\/wp-json\/wp\/v2\/posts"}],"about":[{"href":"https:\/\/www.radioguantanamo.icrt.cu\/english\/wp-json\/wp\/v2\/types\/post"}],"author":[{"embeddable":true,"href":"https:\/\/www.radioguantanamo.icrt.cu\/english\/wp-json\/wp\/v2\/users\/1"}],"replies":[{"embeddable":true,"href":"https:\/\/www.radioguantanamo.icrt.cu\/english\/wp-json\/wp\/v2\/comments?post=16658"}],"version-history":[{"count":1,"href":"https:\/\/www.radioguantanamo.icrt.cu\/english\/wp-json\/wp\/v2\/posts\/16658\/revisions"}],"predecessor-version":[{"id":16660,"href":"https:\/\/www.radioguantanamo.icrt.cu\/english\/wp-json\/wp\/v2\/posts\/16658\/revisions\/16660"}],"wp:featuredmedia":[{"embeddable":true,"href":"https:\/\/www.radioguantanamo.icrt.cu\/english\/wp-json\/wp\/v2\/media\/16659"}],"wp:attachment":[{"href":"https:\/\/www.radioguantanamo.icrt.cu\/english\/wp-json\/wp\/v2\/media?parent=16658"}],"wp:term":[{"taxonomy":"category","embeddable":true,"href":"https:\/\/www.radioguantanamo.icrt.cu\/english\/wp-json\/wp\/v2\/categories?post=16658"},{"taxonomy":"post_tag","embeddable":true,"href":"https:\/\/www.radioguantanamo.icrt.cu\/english\/wp-json\/wp\/v2\/tags?post=16658"}],"curies":[{"name":"wp","href":"https:\/\/api.w.org\/{rel}","templated":true}]}}