{"id":17288,"date":"2026-08-28T16:06:59","date_gmt":"2026-08-28T20:06:59","guid":{"rendered":"https:\/\/www.radioguantanamo.icrt.cu\/english\/?p=17288"},"modified":"2026-08-28T16:06:59","modified_gmt":"2026-08-28T20:06:59","slug":"the-rumba-route-timbalaye-2026-kicked-off-in-guantanamo","status":"publish","type":"post","link":"https:\/\/www.radioguantanamo.icrt.cu\/english\/the-rumba-route-timbalaye-2026-kicked-off-in-guantanamo\/","title":{"rendered":"The Rumba Route Timbalaye 2026 Kicked off in Guant\u00e1namo"},"content":{"rendered":"<p><img loading=\"lazy\" decoding=\"async\" class=\"aligncenter wp-image-17289 \" src=\"https:\/\/www.radioguantanamo.icrt.cu\/english\/wp-content\/uploads\/2026\/08\/renacer-cossia.jpg\" alt=\"\" width=\"797\" height=\"713\" srcset=\"https:\/\/www.radioguantanamo.icrt.cu\/english\/wp-content\/uploads\/2026\/08\/renacer-cossia.jpg 1024w, https:\/\/www.radioguantanamo.icrt.cu\/english\/wp-content\/uploads\/2026\/08\/renacer-cossia-300x268.jpg 300w, https:\/\/www.radioguantanamo.icrt.cu\/english\/wp-content\/uploads\/2026\/08\/renacer-cossia-768x687.jpg 768w\" sizes=\"auto, (max-width: 797px) 100vw, 797px\" \/>Guantanamo.- The 18th edition of the Rumba Route, Timbalaye 2026, commenced in Guant\u00e1namo Province with a discussion centered on Miguel Barnet&#8217;s book &#8220;Biography of a Runaway Slave.&#8221; This event, held in the central Jos\u00e9 Mart\u00ed Park, was led by a researcher who also serves as the vice president of the Union of Writers and Artists of Cuba (UNEAC) in the province.<\/p>\n<p>During the gathering, organized by the Provincial Center of Houses of Culture in Guant\u00e1namo, artisan Mar\u00eda Cristina Vel\u00e1zquez Leyva, along with art instructors Oneyda Leyva Carcas\u00e9s and Olvis Morgan Thaureaux, and researcher-musician Ram\u00f3n G\u00f3mez Blanco, received the title of &#8220;Living Cultural Heritage.&#8221; Ury Rodr\u00edguez Urgell\u00e9s, president of the UNEAC branch in the province, presented this recognition.<\/p>\n<p><img loading=\"lazy\" decoding=\"async\" class=\"wp-image-17290 aligncenter\" src=\"https:\/\/www.radioguantanamo.icrt.cu\/english\/wp-content\/uploads\/2026\/08\/renacer-cossia-2.jpg\" alt=\"\" width=\"731\" height=\"548\" srcset=\"https:\/\/www.radioguantanamo.icrt.cu\/english\/wp-content\/uploads\/2026\/08\/renacer-cossia-2.jpg 1024w, https:\/\/www.radioguantanamo.icrt.cu\/english\/wp-content\/uploads\/2026\/08\/renacer-cossia-2-300x225.jpg 300w, https:\/\/www.radioguantanamo.icrt.cu\/english\/wp-content\/uploads\/2026\/08\/renacer-cossia-2-768x576.jpg 768w\" sizes=\"auto, (max-width: 731px) 100vw, 731px\" \/><\/p>\n<p>The opening day of Timbalaye 2026 featured performances by the &#8220;Al Paso&#8221; Children&#8217;s Dance Academy. The event, which continues until August 29, includes a workshop on Congo dances led by art instructor and researcher Daniela Guilarte Matos at the Rub\u00e9n L\u00f3pez Sabariego Cultural Center.<\/p>\n<p>Additionally, folkloric groups such as &#8220;Renacer Cossi\u00e1,&#8221; &#8220;Danza Conga,&#8221; and &#8220;Visi\u00f3n,&#8221; along with the traditional melodies of the Rumberos ensemble from Guaso and the community of Loma del Chivo, contributed to the vibrant atmosphere of the Cimarronaje edition of the Rumba Route.<\/p>\n<p><img loading=\"lazy\" decoding=\"async\" class=\"wp-image-17291 aligncenter\" src=\"https:\/\/www.radioguantanamo.icrt.cu\/english\/wp-content\/uploads\/2026\/08\/ruta-timbalaye.jpg\" alt=\"\" width=\"619\" height=\"571\" srcset=\"https:\/\/www.radioguantanamo.icrt.cu\/english\/wp-content\/uploads\/2026\/08\/ruta-timbalaye.jpg 1024w, https:\/\/www.radioguantanamo.icrt.cu\/english\/wp-content\/uploads\/2026\/08\/ruta-timbalaye-300x277.jpg 300w, https:\/\/www.radioguantanamo.icrt.cu\/english\/wp-content\/uploads\/2026\/08\/ruta-timbalaye-768x709.jpg 768w\" sizes=\"auto, (max-width: 619px) 100vw, 619px\" \/><\/p>\n","protected":false},"excerpt":{"rendered":"<p>Guantanamo.- The 18th edition of the Rumba Route, Timbalaye 2026, commenced in Guant\u00e1namo Province with a discussion centered on Miguel Barnet&#8217;s book &#8220;Biography of a Runaway Slave.&#8221; This event, held in the central Jos\u00e9 Mart\u00ed Park, was led by a researcher who also serves as the vice president of the Union of Writers and Artists [&hellip;]<\/p>\n","protected":false},"author":1,"featured_media":17289,"comment_status":"open","ping_status":"open","sticky":false,"template":"","format":"standard","meta":{"footnotes":""},"categories":[35,13,7],"tags":[],"class_list":["post-17288","post","type-post","status-publish","format-standard","has-post-thumbnail","hentry","category-culture","category-guantanamo","category-news"],"_links":{"self":[{"href":"https:\/\/www.radioguantanamo.icrt.cu\/english\/wp-json\/wp\/v2\/posts\/17288","targetHints":{"allow":["GET"]}}],"collection":[{"href":"https:\/\/www.radioguantanamo.icrt.cu\/english\/wp-json\/wp\/v2\/posts"}],"about":[{"href":"https:\/\/www.radioguantanamo.icrt.cu\/english\/wp-json\/wp\/v2\/types\/post"}],"author":[{"embeddable":true,"href":"https:\/\/www.radioguantanamo.icrt.cu\/english\/wp-json\/wp\/v2\/users\/1"}],"replies":[{"embeddable":true,"href":"https:\/\/www.radioguantanamo.icrt.cu\/english\/wp-json\/wp\/v2\/comments?post=17288"}],"version-history":[{"count":1,"href":"https:\/\/www.radioguantanamo.icrt.cu\/english\/wp-json\/wp\/v2\/posts\/17288\/revisions"}],"predecessor-version":[{"id":17292,"href":"https:\/\/www.radioguantanamo.icrt.cu\/english\/wp-json\/wp\/v2\/posts\/17288\/revisions\/17292"}],"wp:featuredmedia":[{"embeddable":true,"href":"https:\/\/www.radioguantanamo.icrt.cu\/english\/wp-json\/wp\/v2\/media\/17289"}],"wp:attachment":[{"href":"https:\/\/www.radioguantanamo.icrt.cu\/english\/wp-json\/wp\/v2\/media?parent=17288"}],"wp:term":[{"taxonomy":"category","embeddable":true,"href":"https:\/\/www.radioguantanamo.icrt.cu\/english\/wp-json\/wp\/v2\/categories?post=17288"},{"taxonomy":"post_tag","embeddable":true,"href":"https:\/\/www.radioguantanamo.icrt.cu\/english\/wp-json\/wp\/v2\/tags?post=17288"}],"curies":[{"name":"wp","href":"https:\/\/api.w.org\/{rel}","templated":true}]}}