{"id":17318,"date":"2026-09-01T12:32:02","date_gmt":"2026-09-01T16:32:02","guid":{"rendered":"https:\/\/www.radioguantanamo.icrt.cu\/english\/?p=17318"},"modified":"2026-09-01T12:32:30","modified_gmt":"2026-09-01T16:32:30","slug":"book-fair-announced-in-guantanamo","status":"publish","type":"post","link":"https:\/\/www.radioguantanamo.icrt.cu\/english\/book-fair-announced-in-guantanamo\/","title":{"rendered":"Book Fair Announced in Guant\u00e1namo"},"content":{"rendered":"<p><img loading=\"lazy\" decoding=\"async\" class=\" wp-image-17319 aligncenter\" src=\"https:\/\/www.radioguantanamo.icrt.cu\/english\/wp-content\/uploads\/2026\/09\/book-fair-guantanamo-2026.jpg\" alt=\"\" width=\"605\" height=\"454\" srcset=\"https:\/\/www.radioguantanamo.icrt.cu\/english\/wp-content\/uploads\/2026\/09\/book-fair-guantanamo-2026.jpg 768w, https:\/\/www.radioguantanamo.icrt.cu\/english\/wp-content\/uploads\/2026\/09\/book-fair-guantanamo-2026-300x225.jpg 300w\" sizes=\"auto, (max-width: 605px) 100vw, 605px\" \/>Guantanamo.- A press conference for the 34th edition of the Book Fair announced that the event will take place in Guant\u00e1namo from September 4 to 6. This year\u2019s fair will be dedicated to the centennial of the birth of Commander-in-Chief Fidel Castro Ruz; the 80th birthday of Baracoan historian, author, and researcher Alejandro Hartmann Matos, recipient of the National Cultural Heritage Lifetime Achievement Award; and the 40th anniversary of the founding of the Hermanos Sa\u00edz Association (AHS).<\/p>\n<p>During the meeting, Cecilia El\u00edas Guerra, director of El Mar y la Monta\u00f1a Publishing House, announced six new titles that the local publisher will present at this year\u2019s fair: &#8220;<span class=\"HwtZe\" lang=\"en\"><span class=\"jCAhz ChMk0b\"><span class=\"ryNqvb\">Interior Monologue&#8221; by Lisette Magalys;<\/span><\/span> <span class=\"jCAhz ChMk0b\"><span class=\"ryNqvb\">\u201cThe Impossible Island and Other Women,\u201d by Carlos Esquivel;<\/span><\/span> <span class=\"jCAhz ChMk0b\"><span class=\"ryNqvb\">\u201cGuant\u00e1namo: Dialogued Narrations,\u201d by Luis Morlote Ruiz; \u201cDream of Angels,\u201d by Guant\u00e1namo writer Ana Luz Garc\u00eda Calzada;<\/span><\/span> <span class=\"jCAhz ChMk0b\"><span class=\"ryNqvb\">the poetry collection \u201cJanuary Moon,\u201d by Jos\u00e9 Ra\u00fal Fraguela;<\/span><\/span> <span class=\"jCAhz ChMk0b\"><span class=\"ryNqvb\">and \u201cThe First Invasion,\u201d by Pedro Pablo Rodr\u00edguez.<\/span><\/span><\/span><\/p>\n<p>Yuliet Heredia Su\u00e1rez, director of the Provincial Center for Books and Literature, announced that this year\u2019s program will include a section devoted to Fidel Castro Ruz, commemorating the centennial of his birth. The section will feature presentations by specialists, researchers, and authors from the Guant\u00e1namo branch of the Union of Historians of Cuba (UNHIC).<\/p>\n<p><img loading=\"lazy\" decoding=\"async\" class=\" wp-image-17320 aligncenter\" src=\"https:\/\/www.radioguantanamo.icrt.cu\/english\/wp-content\/uploads\/2026\/09\/book-fair-guantanamo-20262.jpg\" alt=\"\" width=\"620\" height=\"465\" srcset=\"https:\/\/www.radioguantanamo.icrt.cu\/english\/wp-content\/uploads\/2026\/09\/book-fair-guantanamo-20262.jpg 768w, https:\/\/www.radioguantanamo.icrt.cu\/english\/wp-content\/uploads\/2026\/09\/book-fair-guantanamo-20262-300x225.jpg 300w\" sizes=\"auto, (max-width: 620px) 100vw, 620px\" \/><\/p>\n<p>In addition, the Olimpia Sports Bar will host a bibliographic exhibition showcasing literature and cultural materials from the Russian Federation, the guest of honor at the 34th Book Fair.<\/p>\n<p>As in previous years, the fair\u2019s main sales area will be located along Calixto Garc\u00eda Street, between Aguilera and Emilio Giro streets. Activities will also be held at the Provincial Committee of the Cuban Writers and Artists Association (UNEAC), the Ateneo Asdr\u00fabal L\u00f3pez Bookstore, the Ismaelillo Children\u2019s Play Center, the Major General Pedro Agust\u00edn P\u00e9rez House Museum, and the Provincial Center of Houses of Culture. Outreach activities will also take place in schools and community centers.<\/p>\n<p>The local branch of the Hermanos Sa\u00edz Association and the Cuba\u2013Russia Studies Chair at the University of Guant\u00e1namo, together with other cultural institutions, will contribute artistic, academic, and literary activities to the fair\u2019s program.<\/p>\n<p>One of the highlights of this year\u2019s event will be the province\u2019s first-ever Booksellers\u2019 Workshop, to be held at the Regino E. Boti Public Library.<\/p>\n<p>The program will also include activities at the La Fama Literary Caf\u00e9 in the Ateneo Asdr\u00fabal L\u00f3pez Bookstore, as well as exhibitions and presentations of children\u2019s books.<\/p>\n<p>These activities will be complemented by performances and initiatives from La Colmenita Guant\u00e1namo, the &#8220;Artesaneando con Yeny&#8221; sociocultural project, the Teatro Gui\u00f1ol puppet theater group, and Compa\u00f1\u00eda Danza Libre.<\/p>\n<p>The fair will also feature the &#8220;Conquistando Lectores&#8221; (Cautivating Readers) cultural expeditions, which will bring literary activities to neighborhoods across the eastern city and to local schools.<\/p>\n","protected":false},"excerpt":{"rendered":"<p>Guantanamo.- A press conference for the 34th edition of the Book Fair announced that the event will take place in Guant\u00e1namo from September 4 to 6. This year\u2019s fair will be dedicated to the centennial of the birth of Commander-in-Chief Fidel Castro Ruz; the 80th birthday of Baracoan historian, author, and researcher Alejandro Hartmann Matos, [&hellip;]<\/p>\n","protected":false},"author":1,"featured_media":17320,"comment_status":"open","ping_status":"open","sticky":false,"template":"","format":"standard","meta":{"footnotes":""},"categories":[35,13],"tags":[],"class_list":["post-17318","post","type-post","status-publish","format-standard","has-post-thumbnail","hentry","category-culture","category-guantanamo"],"_links":{"self":[{"href":"https:\/\/www.radioguantanamo.icrt.cu\/english\/wp-json\/wp\/v2\/posts\/17318","targetHints":{"allow":["GET"]}}],"collection":[{"href":"https:\/\/www.radioguantanamo.icrt.cu\/english\/wp-json\/wp\/v2\/posts"}],"about":[{"href":"https:\/\/www.radioguantanamo.icrt.cu\/english\/wp-json\/wp\/v2\/types\/post"}],"author":[{"embeddable":true,"href":"https:\/\/www.radioguantanamo.icrt.cu\/english\/wp-json\/wp\/v2\/users\/1"}],"replies":[{"embeddable":true,"href":"https:\/\/www.radioguantanamo.icrt.cu\/english\/wp-json\/wp\/v2\/comments?post=17318"}],"version-history":[{"count":2,"href":"https:\/\/www.radioguantanamo.icrt.cu\/english\/wp-json\/wp\/v2\/posts\/17318\/revisions"}],"predecessor-version":[{"id":17322,"href":"https:\/\/www.radioguantanamo.icrt.cu\/english\/wp-json\/wp\/v2\/posts\/17318\/revisions\/17322"}],"wp:featuredmedia":[{"embeddable":true,"href":"https:\/\/www.radioguantanamo.icrt.cu\/english\/wp-json\/wp\/v2\/media\/17320"}],"wp:attachment":[{"href":"https:\/\/www.radioguantanamo.icrt.cu\/english\/wp-json\/wp\/v2\/media?parent=17318"}],"wp:term":[{"taxonomy":"category","embeddable":true,"href":"https:\/\/www.radioguantanamo.icrt.cu\/english\/wp-json\/wp\/v2\/categories?post=17318"},{"taxonomy":"post_tag","embeddable":true,"href":"https:\/\/www.radioguantanamo.icrt.cu\/english\/wp-json\/wp\/v2\/tags?post=17318"}],"curies":[{"name":"wp","href":"https:\/\/api.w.org\/{rel}","templated":true}]}}