{"id":4824,"date":"2023-09-25T14:41:56","date_gmt":"2023-09-25T18:41:56","guid":{"rendered":"https:\/\/www.radioguantanamo.icrt.cu\/english\/?p=4824"},"modified":"2023-09-26T07:46:46","modified_gmt":"2023-09-26T11:46:46","slug":"retinitis-pigmentosa-center-in-guantanamo-for-excellence-of-its-services","status":"publish","type":"post","link":"https:\/\/www.radioguantanamo.icrt.cu\/english\/retinitis-pigmentosa-center-in-guantanamo-for-excellence-of-its-services\/","title":{"rendered":"Retinitis Pigmentosa Center in Guantanamo: for Excellence of its Services"},"content":{"rendered":"<p><img loading=\"lazy\" decoding=\"async\" class=\"aligncenter size-full wp-image-4825\" src=\"https:\/\/www.radioguantanamo.icrt.cu\/english\/wp-content\/uploads\/2023\/09\/retinosis-gtmo02.jpg\" alt=\"\" width=\"640\" height=\"480\" srcset=\"https:\/\/www.radioguantanamo.icrt.cu\/english\/wp-content\/uploads\/2023\/09\/retinosis-gtmo02.jpg 640w, https:\/\/www.radioguantanamo.icrt.cu\/english\/wp-content\/uploads\/2023\/09\/retinosis-gtmo02-300x225.jpg 300w\" sizes=\"auto, (max-width: 640px) 100vw, 640px\" \/><\/p>\n<p>September 25 marks the International Day of Retinitis Pigmentosa, a degenerative and hereditary disease that leads patients to progressive loss of vision, hence the importance of early diagnosis and compliance with therapies to retain its progress, as much as possible.<\/p>\n<p>With this motivation, the group of the Provincial Center for Retinitis Pigmentosa, of Guantanamo, works, a center that is located on Narciso L\u00f3pez Street between M\u00e1ximo G\u00f3mez and Luz Caballero of this city, an annex service of the Doctor Agosthino Neto General Teaching Hospital.<\/p>\n<p>The only one of its kind in this eastern territory of Cuba, the center has highly qualified personnel who carry out investigations, mainly on people with a family history of Retinitis Pigmentosa and other retinal dystrophies, in addition to offering treatments with ozone therapy and vitamins.<\/p>\n<p><img loading=\"lazy\" decoding=\"async\" class=\"aligncenter size-full wp-image-9717\" src=\"https:\/\/www.radioguantanamo.icrt.cu\/wp-content\/uploads\/2023\/09\/retinosis-gtmo01.jpg\" sizes=\"auto, (max-width: 640px) 100vw, 640px\" srcset=\"https:\/\/www.radioguantanamo.icrt.cu\/wp-content\/uploads\/2023\/09\/retinosis-gtmo01.jpg 640w, https:\/\/www.radioguantanamo.icrt.cu\/wp-content\/uploads\/2023\/09\/retinosis-gtmo01-300x225.jpg 300w\" alt=\"Centro de Retinosis Pigmentaria en Guant\u00e1namo: por la excelencia en los servicios\" width=\"640\" height=\"480\" \/><\/p>\n<p>Patients admitted to this institution also receive well-balanced diet, as far as possible, with the requirements of their illness, and feel welcomed by the affection, sensitivity and good treatment that the workers provide them in a welcoming environment, in favor of their quality of life.<\/p>\n","protected":false},"excerpt":{"rendered":"<p>September 25 marks the International Day of Retinitis Pigmentosa, a degenerative and hereditary disease that leads patients to progressive loss of vision, hence the importance of early diagnosis and compliance with therapies to retain its progress, as much as possible. With this motivation, the group of the Provincial Center for Retinitis Pigmentosa, of Guantanamo, works, [&hellip;]<\/p>\n","protected":false},"author":1,"featured_media":4825,"comment_status":"open","ping_status":"open","sticky":false,"template":"","format":"standard","meta":{"footnotes":""},"categories":[13,114],"tags":[1172,14,1171],"class_list":["post-4824","post","type-post","status-publish","format-standard","has-post-thumbnail","hentry","category-guantanamo","category-health","tag-disease","tag-guantanamo","tag-retinitis-pigmentosa"],"_links":{"self":[{"href":"https:\/\/www.radioguantanamo.icrt.cu\/english\/wp-json\/wp\/v2\/posts\/4824","targetHints":{"allow":["GET"]}}],"collection":[{"href":"https:\/\/www.radioguantanamo.icrt.cu\/english\/wp-json\/wp\/v2\/posts"}],"about":[{"href":"https:\/\/www.radioguantanamo.icrt.cu\/english\/wp-json\/wp\/v2\/types\/post"}],"author":[{"embeddable":true,"href":"https:\/\/www.radioguantanamo.icrt.cu\/english\/wp-json\/wp\/v2\/users\/1"}],"replies":[{"embeddable":true,"href":"https:\/\/www.radioguantanamo.icrt.cu\/english\/wp-json\/wp\/v2\/comments?post=4824"}],"version-history":[{"count":2,"href":"https:\/\/www.radioguantanamo.icrt.cu\/english\/wp-json\/wp\/v2\/posts\/4824\/revisions"}],"predecessor-version":[{"id":4828,"href":"https:\/\/www.radioguantanamo.icrt.cu\/english\/wp-json\/wp\/v2\/posts\/4824\/revisions\/4828"}],"wp:featuredmedia":[{"embeddable":true,"href":"https:\/\/www.radioguantanamo.icrt.cu\/english\/wp-json\/wp\/v2\/media\/4825"}],"wp:attachment":[{"href":"https:\/\/www.radioguantanamo.icrt.cu\/english\/wp-json\/wp\/v2\/media?parent=4824"}],"wp:term":[{"taxonomy":"category","embeddable":true,"href":"https:\/\/www.radioguantanamo.icrt.cu\/english\/wp-json\/wp\/v2\/categories?post=4824"},{"taxonomy":"post_tag","embeddable":true,"href":"https:\/\/www.radioguantanamo.icrt.cu\/english\/wp-json\/wp\/v2\/tags?post=4824"}],"curies":[{"name":"wp","href":"https:\/\/api.w.org\/{rel}","templated":true}]}}